{"id":234,"__str__":"DECRE N\u00ba 006/2023 - DECRETO LEGISLATIVO","link_detail_backend":"/docadm/234","metadata":{"signs":{"texto_integral":{"admin":[],"autores":[["Gilmar Antonio Veronese",["2023-06-12T11:41:00-03:00","ICP-Brasil - Certificado PF A1"]],["Suelen Daiana Meireles da Silva",["2023-06-12T11:41:18-03:00","ICP-Brasil - Certificado PF A1"]]]}}},"numero":6,"complemento":"","ano":2023,"data":"2023-08-15","interessado":"Fernando Paulo Balbinot e Marcos Czapla","dias_prazo":null,"data_fim_prazo":null,"tramitacao":false,"assunto":"\u201cDisp\u00f5e sobre a aprova\u00e7\u00e3o das Contas de Governo dos Administradores do Executivo Municipal de Bar\u00e3o de Cotegipe RS, relativas ao Exerc\u00edcio de\r\n2015.\u201d","numero_externo":null,"observacao":"","texto_integral":"http://sapl.baraodecotegipe.rs.leg.br/media/sapl/private/documentoadministrativo/234/decreto_legislativo_06-2023_-_aprovacao_das_contas_2015.pdf","restrito":false,"ip":"131.100.152.230","ultima_edicao":"2023-08-15T11:33:04.096100-03:00","tipo":15,"protocolo":489,"autor":null,"user":13,"anexados":[],"materiasvinculadas":[]}