{"id":235,"__str__":"DECRE N\u00ba 007/2023 - DECRETO LEGISLATIVO","link_detail_backend":"/docadm/235","metadata":{"signs":{"texto_integral":{"admin":[],"autores":[["Gilmar Antonio Veronese",["2023-06-07T07:53:06-03:00","ICP-Brasil - Certificado PF A1"]],["Suelen Daiana Meireles da Silva",["2023-06-07T07:53:29-03:00","ICP-Brasil - Certificado PF A1"]]]}}},"numero":7,"complemento":"","ano":2023,"data":"2023-08-15","interessado":"Vladimir Luiz Farina e Joni Giacomel","dias_prazo":null,"data_fim_prazo":null,"tramitacao":false,"assunto":"\u201cDisp\u00f5e sobre a aprova\u00e7\u00e3o das Contas de Governo dos Administradores do Executivo Municipal de Bar\u00e3o de Cotegipe RS, relativas ao Exerc\u00edcio de\r\n2020.\u201d","numero_externo":null,"observacao":"","texto_integral":"http://sapl.baraodecotegipe.rs.leg.br/media/sapl/private/documentoadministrativo/235/decreto_legislativo_07-2023_-_aprovacao_das_contas_2020.pdf","restrito":false,"ip":"131.100.152.230","ultima_edicao":"2023-08-15T11:34:53.970506-03:00","tipo":15,"protocolo":490,"autor":null,"user":13,"anexados":[],"materiasvinculadas":[]}